{"id":444,"date":"2012-12-25T11:31:47","date_gmt":"2012-12-25T11:31:47","guid":{"rendered":"http:\/\/ggkarman.de\/benvingutmrgerhard\/?p=444"},"modified":"2021-06-28T18:43:55","modified_gmt":"2021-06-28T18:43:55","slug":"spanish-version-of-lament-for-the-death-of-a-bullfighter","status":"publish","type":"post","link":"https:\/\/ggkarman.de\/benvingutmrgerhard\/2012\/12\/25\/spanish-version-of-lament-for-the-death-of-a-bullfighter\/","title":{"rendered":"&#8222;Lament for the death of a bullfighter&#8220; (video)"},"content":{"rendered":"<p>First performance of the\u00a0concert setting of Roberto Gerhard&#8217;s\u00a0<em>Lament for the death of a bullfighter<\/em>\u00a0on the 26 April 2012 at the\u00a0Auditori del Conservatori del Liceu: M\u00f3nica Mu\u00f1oz, reciter; Gregorio Garc\u00eda Karman, electronics. (Video recording: Sharon Lomanno.)<\/p>\n<p><div id=\"jwplayer-1-div\" class=\"\">\n<div id=\"jwplayer-1\"><\/div>\n<script type='text\/javascript'>\n                    function addLoadEvent1(func) {\n                      var oldonload = window.onload;\n                      if (typeof window.onload != 'function') {\n                        window.onload = func\n                      } else {\n                        window.onload = function() {\n                          if (oldonload) {\n                            oldonload()\n                          }\n                          func()\n                        }\n                      }\n                    }\n\n                    function ping1() {\n                      var ping = new Image();\n                      ping.src = 'http:\/\/i.n.jwpltx.com\/v1\/wordpress\/ping.gif?e=features&s=https%3A%2F%2Fggkarman.de%2Fbenvingutmrgerhard%2Fwp-json%2Fwp%2Fv2%2Fposts%2F444&mediaid=%26%238220%3B592%26%238243%3B&image=http%3A%2F%2Fggkarman.de%2Fbenvingutmrgerhard%2F%3Fp%3D444&creator=0&author=0&modes=_';\n                    }\n\n                    addLoadEvent1(ping1);\n                  <\/script><\/div>\n<script type='text\/javascript'>jwplayer('jwplayer-1').setup({\"flashplayer\":\"https:\/\/ggkarman.de\/benvingutmrgerhard\/wp-content\/uploads\/jw-player-plugin-for-wordpress\/player\/player.swf\",\"width\":\"400\",\"height\":\"280\",\"controlbar\":\"bottom\",\"mediaid\":\"\\u201c592\\u2033\",\"image\":\"http:\/\/ggkarman.de\/benvingutmrgerhard\/?p=444\",\"file\":\"\",\"title\":\"\",\"creator\":\"\",\"author\":\"\",\"date\":\"\",\"description\":\"\",\"modes\":[{\"type\":\"flash\",\"src\":\"https:\/\/ggkarman.de\/benvingutmrgerhard\/wp-content\/uploads\/jw-player-plugin-for-wordpress\/player\/player.swf\"},{\"type\":\"html5\",\"config\":{\"streamer\":\"\",\"provider\":\"\"}},{\"type\":\"download\",\"config\":{\"streamer\":\"\",\"provider\":\"\"}}]});<\/script><\/p>\n<div style=\"width: 584px;\" class=\"wp-video\"><!--[if lt IE 9]><script>document.createElement('video');<\/script><![endif]-->\n<video class=\"wp-video-shortcode\" id=\"video-444-1\" width=\"584\" height=\"329\" poster=\"http:\/\/ggkarman.de\/benvingutmrgerhard\/wp-content\/uploads\/2012\/12\/Screen-shot-2012-12-18-at-13.02.46.png\" preload=\"metadata\" controls=\"controls\"><source type=\"video\/mp4\" src=\"http:\/\/ggkarman.de\/benvingutmrgerhard\/wp-content\/uploads\/2012\/12\/bounce08_20121227_transcodeSL_H26150_AAC.mp4?_=1\" \/><a href=\"http:\/\/ggkarman.de\/benvingutmrgerhard\/wp-content\/uploads\/2012\/12\/bounce08_20121227_transcodeSL_H26150_AAC.mp4\">http:\/\/ggkarman.de\/benvingutmrgerhard\/wp-content\/uploads\/2012\/12\/bounce08_20121227_transcodeSL_H26150_AAC.mp4<\/a><\/video><\/div>\n<p>Find out more about this piece in the\u00a0<a title=\"Lament for the death of a bullfighter\" href=\"http:\/\/ggkarman.de\/benvingutmrgerhard\/program\/lament-for-the-death-of-a-bullfighter\/\">programme notes<\/a>\u00a0(spanish).<\/p>\n<p><span style=\"color: #000000;\">\u00a9\u00a0Some rights reserved. All copyrighted material property of their respective owners.<\/span><\/p>\n<div class=\"sharedaddy sd-sharing-enabled\"><div class=\"robots-nocontent sd-block sd-social sd-social-icon sd-sharing\"><h3 class=\"sd-title\">Share with:<\/h3><div class=\"sd-content\"><ul><li><a href=\"#\" class=\"sharing-anchor sd-button share-more\"><span>Teilen<\/span><\/a><\/li><li class=\"share-end\"><\/li><\/ul><div class=\"sharing-hidden\"><div class=\"inner\" style=\"display: none;\"><ul><li class=\"share-twitter\"><a rel=\"nofollow noopener noreferrer\" data-shared=\"sharing-twitter-444\" class=\"share-twitter sd-button share-icon no-text\" href=\"https:\/\/ggkarman.de\/benvingutmrgerhard\/2012\/12\/25\/spanish-version-of-lament-for-the-death-of-a-bullfighter\/?share=twitter\" target=\"_blank\" title=\"Klick, um \u00fcber Twitter zu teilen\"><span><\/span><span class=\"sharing-screen-reader-text\">Klick, um \u00fcber Twitter zu teilen (Wird in neuem Fenster ge\u00f6ffnet)<\/span><\/a><\/li><li class=\"share-facebook\"><a rel=\"nofollow noopener noreferrer\" data-shared=\"sharing-facebook-444\" class=\"share-facebook sd-button share-icon no-text\" href=\"https:\/\/ggkarman.de\/benvingutmrgerhard\/2012\/12\/25\/spanish-version-of-lament-for-the-death-of-a-bullfighter\/?share=facebook\" target=\"_blank\" title=\"Klick, um auf Facebook zu teilen\"><span><\/span><span class=\"sharing-screen-reader-text\">Klick, um auf Facebook zu teilen (Wird in neuem Fenster ge\u00f6ffnet)<\/span><\/a><\/li><li class=\"share-end\"><\/li><li class=\"share-tumblr\"><a rel=\"nofollow noopener noreferrer\" data-shared=\"\" class=\"share-tumblr sd-button share-icon no-text\" href=\"https:\/\/ggkarman.de\/benvingutmrgerhard\/2012\/12\/25\/spanish-version-of-lament-for-the-death-of-a-bullfighter\/?share=tumblr\" target=\"_blank\" title=\"Klick, um auf Tumblr zu teilen\"><span><\/span><span class=\"sharing-screen-reader-text\">Klick, um auf Tumblr zu teilen (Wird in neuem Fenster ge\u00f6ffnet)<\/span><\/a><\/li><li class=\"share-end\"><\/li><\/ul><\/div><\/div><\/div><\/div><\/div>","protected":false},"excerpt":{"rendered":"<p>First performance of the\u00a0concert setting of Roberto Gerhard&#8217;s\u00a0Lament for the death of a bullfighter\u00a0on the 26 April 2012 at the\u00a0Auditori del Conservatori del Liceu: M\u00f3nica Mu\u00f1oz, reciter; Gregorio Garc\u00eda Karman, electronics. (Video recording: Sharon Lomanno.) Find out more about this &hellip; <a href=\"https:\/\/ggkarman.de\/benvingutmrgerhard\/2012\/12\/25\/spanish-version-of-lament-for-the-death-of-a-bullfighter\/\">Weiterlesen <span class=\"meta-nav\">&rarr;<\/span><\/a><\/p>\n<div class=\"sharedaddy sd-sharing-enabled\"><div class=\"robots-nocontent sd-block sd-social sd-social-icon sd-sharing\"><h3 class=\"sd-title\">Share with:<\/h3><div class=\"sd-content\"><ul><li><a href=\"#\" class=\"sharing-anchor sd-button share-more\"><span>Teilen<\/span><\/a><\/li><li class=\"share-end\"><\/li><\/ul><div class=\"sharing-hidden\"><div class=\"inner\" style=\"display: none;\"><ul><li class=\"share-twitter\"><a rel=\"nofollow noopener noreferrer\" data-shared=\"sharing-twitter-444\" class=\"share-twitter sd-button share-icon no-text\" href=\"https:\/\/ggkarman.de\/benvingutmrgerhard\/2012\/12\/25\/spanish-version-of-lament-for-the-death-of-a-bullfighter\/?share=twitter\" target=\"_blank\" title=\"Klick, um \u00fcber Twitter zu teilen\"><span><\/span><span class=\"sharing-screen-reader-text\">Klick, um \u00fcber Twitter zu teilen (Wird in neuem Fenster ge\u00f6ffnet)<\/span><\/a><\/li><li class=\"share-facebook\"><a rel=\"nofollow noopener noreferrer\" data-shared=\"sharing-facebook-444\" class=\"share-facebook sd-button share-icon no-text\" href=\"https:\/\/ggkarman.de\/benvingutmrgerhard\/2012\/12\/25\/spanish-version-of-lament-for-the-death-of-a-bullfighter\/?share=facebook\" target=\"_blank\" title=\"Klick, um auf Facebook zu teilen\"><span><\/span><span class=\"sharing-screen-reader-text\">Klick, um auf Facebook zu teilen (Wird in neuem Fenster ge\u00f6ffnet)<\/span><\/a><\/li><li class=\"share-end\"><\/li><li class=\"share-tumblr\"><a rel=\"nofollow noopener noreferrer\" data-shared=\"\" class=\"share-tumblr sd-button share-icon no-text\" href=\"https:\/\/ggkarman.de\/benvingutmrgerhard\/2012\/12\/25\/spanish-version-of-lament-for-the-death-of-a-bullfighter\/?share=tumblr\" target=\"_blank\" title=\"Klick, um auf Tumblr zu teilen\"><span><\/span><span class=\"sharing-screen-reader-text\">Klick, um auf Tumblr zu teilen (Wird in neuem Fenster ge\u00f6ffnet)<\/span><\/a><\/li><li class=\"share-end\"><\/li><\/ul><\/div><\/div><\/div><\/div><\/div>","protected":false},"author":1,"featured_media":0,"comment_status":"open","ping_status":"open","sticky":false,"template":"","format":"standard","meta":{"_monsterinsights_skip_tracking":false,"_monsterinsights_sitenote_active":false,"_monsterinsights_sitenote_note":"","_monsterinsights_sitenote_category":0,"spay_email":"","jetpack_publicize_message":"","jetpack_is_tweetstorm":false},"categories":[1,11],"tags":[],"jetpack_featured_media_url":"","jetpack_publicize_connections":[],"jetpack_shortlink":"https:\/\/wp.me\/p3NRhz-7a","jetpack_sharing_enabled":true,"jetpack_likes_enabled":false,"jetpack-related-posts":[{"id":26,"url":"https:\/\/ggkarman.de\/benvingutmrgerhard\/2012\/12\/17\/26\/","url_meta":{"origin":444,"position":0},"title":"Concert Flyer","date":"17\/12\/2012","format":false,"excerpt":"","rel":"","context":"In &quot;Allgemein&quot;","img":{"alt_text":"","src":"https:\/\/i0.wp.com\/ggkarman.de\/benvingutmrgerhard\/wp-content\/uploads\/2012\/12\/Flyer_definitivo1.jpg?resize=350%2C200","width":350,"height":200},"classes":[]},{"id":885,"url":"https:\/\/ggkarman.de\/benvingutmrgerhard\/2013\/04\/08\/friendly-concert-reviews\/","url_meta":{"origin":444,"position":1},"title":"Congratulations for a wonderful concert!","date":"08\/04\/2013","format":false,"excerpt":"That was really a beautiful evening and knowing how much effort went into putting it together I think you've got reason to feel very proud of yourselves. My only regret is that I wish I had told other people about it. The truth is that I was expecting another of\u2026","rel":"","context":"In &quot;Allgemein&quot;","img":{"alt_text":"","src":"","width":0,"height":0},"classes":[]}],"_links":{"self":[{"href":"https:\/\/ggkarman.de\/benvingutmrgerhard\/wp-json\/wp\/v2\/posts\/444"}],"collection":[{"href":"https:\/\/ggkarman.de\/benvingutmrgerhard\/wp-json\/wp\/v2\/posts"}],"about":[{"href":"https:\/\/ggkarman.de\/benvingutmrgerhard\/wp-json\/wp\/v2\/types\/post"}],"author":[{"embeddable":true,"href":"https:\/\/ggkarman.de\/benvingutmrgerhard\/wp-json\/wp\/v2\/users\/1"}],"replies":[{"embeddable":true,"href":"https:\/\/ggkarman.de\/benvingutmrgerhard\/wp-json\/wp\/v2\/comments?post=444"}],"version-history":[{"count":80,"href":"https:\/\/ggkarman.de\/benvingutmrgerhard\/wp-json\/wp\/v2\/posts\/444\/revisions"}],"predecessor-version":[{"id":1085,"href":"https:\/\/ggkarman.de\/benvingutmrgerhard\/wp-json\/wp\/v2\/posts\/444\/revisions\/1085"}],"wp:attachment":[{"href":"https:\/\/ggkarman.de\/benvingutmrgerhard\/wp-json\/wp\/v2\/media?parent=444"}],"wp:term":[{"taxonomy":"category","embeddable":true,"href":"https:\/\/ggkarman.de\/benvingutmrgerhard\/wp-json\/wp\/v2\/categories?post=444"},{"taxonomy":"post_tag","embeddable":true,"href":"https:\/\/ggkarman.de\/benvingutmrgerhard\/wp-json\/wp\/v2\/tags?post=444"}],"curies":[{"name":"wp","href":"https:\/\/api.w.org\/{rel}","templated":true}]}}